{"id":26040,"date":"2026-02-16T04:00:00","date_gmt":"2026-02-16T03:00:00","guid":{"rendered":"https:\/\/www.thebrokernews.ch\/?p=26040"},"modified":"2026-02-14T11:15:22","modified_gmt":"2026-02-14T10:15:22","slug":"plus-vieux-plus-cher-indispensable","status":"publish","type":"post","link":"https:\/\/www.thebrokernews.ch\/fr\/plus-vieux-plus-cher-indispensable\/","title":{"rendered":"Plus vieux, plus cher, indispensable ?"},"content":{"rendered":"<div class=\"ccfic\"><span class=\"ccfic-text\">Plus vieux, plus cher, indispensable ? D\u00e9bat sur le recul de l'\u00e2ge de la retraite. <\/span><\/div>\n\n<p><strong>Le d\u00e9bat sur le recul de l&rsquo;\u00e2ge de la retraite est fortement influenc\u00e9 par la crainte du ch\u00f4mage. Dans le secteur des assurances, l&rsquo;image est toutefois contradictoire : les collaborateurs de plus de 55 ans sont bien prot\u00e9g\u00e9s tant qu&rsquo;ils conservent leur emploi et qu&rsquo;il n&rsquo;y a pas de fusion. S&rsquo;ils le perdent, ils risquent de voir leur carri\u00e8re interrompue juste avant la retraite.  <\/strong><\/p>\n\n<p>Le <a href=\"https:\/\/www.admin.ch\/gov\/de\/start\/dokumentation\/abstimmungen\/20240303.html\" target=\"_blank\" rel=\"noopener\">3 mars, les \u00e9lecteurs suisses<\/a> se prononceront sur une initiative populaire des jeunes lib\u00e9raux-radicaux visant \u00e0 relever progressivement l&rsquo;\u00e2ge ordinaire de la retraite \u00e0 66 ans, puis \u00e0 le lier automatiquement \u00e0 l&rsquo;augmentation de l&rsquo;esp\u00e9rance de vie. Concr\u00e8tement, l&rsquo;\u00e2ge de r\u00e9f\u00e9rence devrait \u00e0 l&rsquo;avenir augmenter de 80% de l&rsquo;augmentation de l&rsquo;esp\u00e9rance de vie. L&rsquo;objectif des partisans est d&rsquo;assurer le financement \u00e0 long terme de l&rsquo;AVS sans r\u00e9duire les rentes ni augmenter les pr\u00e9l\u00e8vements, \u00e9tant donn\u00e9 qu&rsquo;\u00e0 l&rsquo;avenir, beaucoup plus de personnes percevront une rente et que celle-ci devra \u00eatre vers\u00e9e plus longtemps en raison de l&rsquo;allongement de l&rsquo;esp\u00e9rance de vie.  <\/p>\n\n<p>Le Conseil f\u00e9d\u00e9ral, la majorit\u00e9 du Parlement et les syndicats rejettent l&rsquo;initiative. Ils font valoir que le financement est stable \u00e0 court terme et qu&rsquo;il ne doit pas \u00eatre g\u00e9r\u00e9 uniquement par l&rsquo;\u00e2ge de la retraite. De plus, un automatisme ne tient pas suffisamment compte du march\u00e9 du travail et de la r\u00e9alit\u00e9 sociale des travailleurs \u00e2g\u00e9s. Alors que les partis bourgeois et les entreprises soutiennent le mod\u00e8le, les opposants soulignent que les r\u00e9formes structurelles devraient \u00eatre plus larges et que la marge de man\u0153uvre politique serait perdue.   <\/p>\n\n<h6 class=\"wp-block-heading\">La v\u00e9ritable pr\u00e9occupation derri\u00e8re le d\u00e9bat sur les retraites<\/h6>\n\n<p>Dans le secteur, le refus d&rsquo;un \u00e2ge de la retraite plus \u00e9lev\u00e9 est moins li\u00e9 \u00e0 une position politique qu&rsquo;\u00e0 un risque tr\u00e8s concret : la derni\u00e8re perte d&#8217;emploi. Une personne licenci\u00e9e peu avant la retraite a nettement moins de chances de reprendre pied. Les assurances sont un march\u00e9 du travail exemplaire \u00e0 cet \u00e9gard. De nombreux employ\u00e9s travaillent depuis des d\u00e9cennies dans des fonctions hautement sp\u00e9cialis\u00e9es, par exemple dans la souscription, la gestion des sinistres ou les services aux entreprises. Leur exp\u00e9rience est pr\u00e9cieuse, mais fortement adapt\u00e9e \u00e0 un mod\u00e8le commercial sp\u00e9cifique.    <\/p>\n\n<p>Si ce mod\u00e8le d&rsquo;entreprise \u00e9volue, par exemple en raison de l&rsquo;automatisation ou de nouveaux canaux de distribution, c&rsquo;est pr\u00e9cis\u00e9ment cette sp\u00e9cialisation qui pose probl\u00e8me. La question n&rsquo;est donc pas de savoir si les travailleurs \u00e2g\u00e9s sont performants. La question cruciale est de savoir s&rsquo;ils seront r\u00e9embauch\u00e9s apr\u00e8s un licenciement.  <\/p>\n\n<h6 class=\"wp-block-heading\">Une grande stabilit\u00e9 \u00e0 l&rsquo;int\u00e9rieur &#8211; des obstacles importants \u00e0 l&rsquo;ext\u00e9rieur<\/h6>\n\n<p>Les compagnies d&rsquo;assurance font traditionnellement partie des employeurs les plus stables. Les collaborateurs de plus de 55 ans perdent beaucoup moins souvent leur emploi que leurs coll\u00e8gues plus jeunes. Les entreprises profitent de leurs connaissances empiriques, en particulier dans les cas de sinistres complexes, les questions de r\u00e9glementation ou les relations \u00e0 long terme avec les clients. De nombreux processus ne fonctionnent sans probl\u00e8me que parce qu&rsquo;il existe des connaissances implicites qui ne figurent dans aucun manuel.   <\/p>\n\n<p>Mais cette stabilit\u00e9 a justement un revers. Lorsque le contrat de travail prend fin, la recherche d&#8217;emploi se prolonge fortement. Le march\u00e9 des profils d&rsquo;assurance est petit et tr\u00e8s segment\u00e9. Un actuaire ou un expert en sinistres exp\u00e9riment\u00e9 ne peut pas facilement changer de secteur. Parall\u00e8lement, les nouveaux r\u00f4les sont d\u00e9finis de mani\u00e8re plus orient\u00e9e vers la technologie. Il en r\u00e9sulte un sch\u00e9ma paradoxal : les travailleurs \u00e2g\u00e9s ont une tr\u00e8s grande s\u00e9curit\u00e9 d&#8217;emploi, mais une tr\u00e8s faible capacit\u00e9 de r\u00e9int\u00e9gration.     <\/p>\n\n<h6 class=\"wp-block-heading\"><strong>Licenciements massifs chez Helvetia<\/strong><\/h6>\n\n<p>Bien que le secteur de l&rsquo;assurance soit l&rsquo;un des employeurs les plus stables, il en va autrement si l&rsquo;on prend l&rsquo;exemple de la fusion de Helvetia avec la Baloise. Le groupe d&rsquo;assurance nouvellement fusionn\u00e9 <a href=\"https:\/\/www.helvetia.com\/ch\/web\/de\/privatkunden.html\" target=\"_blank\" rel=\"noopener\">Helvetia<\/a> pr\u00e9voit de supprimer entre 2000 et 2600 emplois au cours des trois prochaines ann\u00e9es. En Suisse, 1400 \u00e0 1800 emplois seraient concern\u00e9s. Parmi eux, des centaines de personnes, dont beaucoup de plus de 50 ans, devraient perdre leur emploi d\u00e8s la premi\u00e8re vague de licenciements qui vient de d\u00e9buter. Les suppressions d&#8217;emplois commenceront en f\u00e9vrier, une prochaine vague \u00e9tant pr\u00e9vue en mai.   <\/p>\n\n<h6 class=\"wp-block-heading\">Entre p\u00e9nurie de main-d&rsquo;\u0153uvre qualifi\u00e9e et logique des co\u00fbts<\/h6>\n\n<p>Le secteur de l&rsquo;assurance est confront\u00e9 \u00e0 un changement d\u00e9mographique. Dans les ann\u00e9es \u00e0 venir, de nombreuses classes d&rsquo;\u00e2ge vont partir \u00e0 la retraite, alors que la rel\u00e8ve qualifi\u00e9e fait d\u00e9faut. Les entreprises savent qu&rsquo;elles ont besoin d&rsquo;exp\u00e9rience, mais elles n&rsquo;agissent pas toujours en cons\u00e9quence. En mati\u00e8re de recrutement, la perspective des co\u00fbts domine souvent. Les employ\u00e9s plus \u00e2g\u00e9s sont consid\u00e9r\u00e9s comme chers, moins flexibles ou plus difficiles \u00e0 adapter \u00e0 la technologie.    <\/p>\n\n<p>Or, sur le plan op\u00e9rationnel, c&rsquo;est souvent le contraire qui se produit. Dans la gestion des sinistres ou des entreprises, l&rsquo;exp\u00e9rience r\u00e9duit les mauvaises d\u00e9cisions, raccourcit les n\u00e9gociations et stabilise les relations avec les clients. De nombreux assureurs \u00e9conomisent des frais de personnel \u00e0 court terme et perdent en productivit\u00e9 \u00e0 long terme. Il n&rsquo;est pas rare que ces connaissances soient ensuite rachet\u00e9es \u00e0 grands frais sous la forme de conseils externes.   <\/p>\n\n<h6 class=\"wp-block-heading\">L&rsquo;automatisation modifie les t\u00e2ches, pas n\u00e9cessairement les besoins<\/h6>\n\n<p>La num\u00e9risation renforce encore l&rsquo;incertitude. L&rsquo;automatisation des polices, les processus de gestion des sinistres bas\u00e9s sur l&rsquo;IA et la tarification bas\u00e9e sur les donn\u00e9es donnent l&rsquo;impression que l&rsquo;exp\u00e9rience devient superflue. En fait, les exigences se d\u00e9placent. Les cas standard sont moins souvent trait\u00e9s par des humains, tandis que les cas limites deviennent plus complexes. Et c&rsquo;est pr\u00e9cis\u00e9ment l\u00e0 que la valeur de l&rsquo;exp\u00e9rience augmente.    <\/p>\n\n<p>Le probl\u00e8me r\u00e9side moins dans l&rsquo;\u00e9viction que dans l&rsquo;absence de transformation. Ceux qui ont exerc\u00e9 la m\u00eame fonction pendant des d\u00e9cennies se voient souvent offrir trop tard la possibilit\u00e9 de d\u00e9velopper de nouvelles comp\u00e9tences. L&rsquo;anxi\u00e9t\u00e9 n&rsquo;est donc pas principalement due \u00e0 la technologie, mais au manque de transitions au sein de la carri\u00e8re.  <\/p>\n\n<h6 class=\"wp-block-heading\">La derni\u00e8re r\u00e9siliation fait la diff\u00e9rence<\/h6>\n\n<p>On comprend ainsi pourquoi le d\u00e9bat sur les retraites est \u00e9motionnel. Statistiquement, les travailleurs \u00e2g\u00e9s ont de bonnes chances de rester en poste jusqu&rsquo;\u00e0 la retraite. Mais les cons\u00e9quences d&rsquo;un licenciement sont plus graves que pour tout autre groupe d&rsquo;\u00e2ge. La v\u00e9ritable incertitude ne concerne pas la dur\u00e9e de la p\u00e9riode d&rsquo;activit\u00e9, mais la derni\u00e8re phase de la vie professionnelle.   <\/p>\n\n<p>Tant que les entreprises ne cr\u00e9eront pas de r\u00f4les de raccordement r\u00e9alistes pour les \u00e9tapes tardives de la carri\u00e8re, l&rsquo;opposition au recul de l&rsquo;\u00e2ge de la retraite restera compr\u00e9hensible. Le secteur est confront\u00e9 \u00e0 la t\u00e2che non seulement de commencer et de d\u00e9velopper des carri\u00e8res, mais aussi de les mener \u00e0 terme. <\/p>\n\n<h6 class=\"wp-block-heading\">Le secteur de l&rsquo;assurance a besoin d&rsquo;exp\u00e9rience<\/h6>\n\n<p>Pour les assureurs, la gestion de la g\u00e9n\u00e9ration 55+ devient une question strat\u00e9gique. Le secteur a plus besoin d&rsquo;exp\u00e9rience qu&rsquo;il ne le refl\u00e8te dans ses logiques de recrutement et de co\u00fbts. Dans ce contexte, l&rsquo;\u00e2ge de la retraite n&rsquo;est qu&rsquo;un cadre politique.  <\/p>\n\n<p>Le v\u00e9ritable d\u00e9fi consiste \u00e0 g\u00e9rer activement les carri\u00e8res tardives. Ce n&rsquo;est pas la dur\u00e9e pendant laquelle les personnes peuvent travailler qui d\u00e9termine l&rsquo;acceptation des r\u00e9formes, mais le fait de savoir si elles ont une perspective r\u00e9aliste jusqu&rsquo;\u00e0 la fin de leur activit\u00e9 professionnelle. <\/p>\n\n<p>Binci Heeb<\/p>\n\n<p>Lisez aussi : <a href=\"https:\/\/www.thebrokernews.ch\/wenn-alter-zum-nachteil-wird-aber-anders-geht\/\">Quand l&rsquo;\u00e2ge devient un handicap &#8211; mais qu&rsquo;il pourrait en \u00eatre autrement<\/a><\/p>\n","protected":false},"excerpt":{"rendered":"<p>Le d\u00e9bat sur le recul de l&rsquo;\u00e2ge de la retraite est fortement influenc\u00e9 par la crainte du ch\u00f4mage. Dans le secteur des assurances, l&rsquo;image est toutefois contradictoire : les collaborateurs [&hellip;]<\/p>\n","protected":false},"author":2,"featured_media":26039,"comment_status":"open","ping_status":"open","sticky":false,"template":"","format":"standard","meta":{"_acf_changed":false,"inline_featured_image":false,"_price":"","_stock":"","_tribe_ticket_header":"","_tribe_default_ticket_provider":"","_tribe_ticket_capacity":"","_ticket_start_date":"","_ticket_end_date":"","_tribe_ticket_show_description":"","_tribe_ticket_show_not_going":false,"_tribe_ticket_use_global_stock":"","_tribe_ticket_global_stock_level":"","_global_stock_mode":"","_global_stock_cap":"","_tribe_rsvp_for_event":"","_tribe_ticket_going_count":"","_tribe_ticket_not_going_count":"","_tribe_tickets_list":"[]","_tribe_ticket_has_attendee_info_fields":false,"footnotes":""},"categories":[9546,9547],"tags":[9969,9972,9971,9978,9970,9967,9976,9974,9975,9968,9977,9973],"class_list":["post-26040","post","type-post","status-publish","format-standard","has-post-thumbnail","hentry","category-actualites","category-generalites","tag-age-de-la-retraite","tag-automatisation","tag-chomage","tag-debat-sur-les-retraites","tag-experience","tag-helvetia","tag-indispensable","tag-plus-ancien","tag-plus-cher","tag-retraite","tag-soucis","tag-variation","ownarticle"],"acf":[],"cc_featured_image_caption":{"caption_text":"Plus vieux, plus cher, indispensable ? D\u00e9bat sur le recul de l'\u00e2ge de la retraite. ","source_text":"","source_url":""},"_links":{"self":[{"href":"https:\/\/www.thebrokernews.ch\/fr\/wp-json\/wp\/v2\/posts\/26040","targetHints":{"allow":["GET"]}}],"collection":[{"href":"https:\/\/www.thebrokernews.ch\/fr\/wp-json\/wp\/v2\/posts"}],"about":[{"href":"https:\/\/www.thebrokernews.ch\/fr\/wp-json\/wp\/v2\/types\/post"}],"author":[{"embeddable":true,"href":"https:\/\/www.thebrokernews.ch\/fr\/wp-json\/wp\/v2\/users\/2"}],"replies":[{"embeddable":true,"href":"https:\/\/www.thebrokernews.ch\/fr\/wp-json\/wp\/v2\/comments?post=26040"}],"version-history":[{"count":1,"href":"https:\/\/www.thebrokernews.ch\/fr\/wp-json\/wp\/v2\/posts\/26040\/revisions"}],"predecessor-version":[{"id":26041,"href":"https:\/\/www.thebrokernews.ch\/fr\/wp-json\/wp\/v2\/posts\/26040\/revisions\/26041"}],"wp:featuredmedia":[{"embeddable":true,"href":"https:\/\/www.thebrokernews.ch\/fr\/wp-json\/wp\/v2\/media\/26039"}],"wp:attachment":[{"href":"https:\/\/www.thebrokernews.ch\/fr\/wp-json\/wp\/v2\/media?parent=26040"}],"wp:term":[{"taxonomy":"category","embeddable":true,"href":"https:\/\/www.thebrokernews.ch\/fr\/wp-json\/wp\/v2\/categories?post=26040"},{"taxonomy":"post_tag","embeddable":true,"href":"https:\/\/www.thebrokernews.ch\/fr\/wp-json\/wp\/v2\/tags?post=26040"}],"curies":[{"name":"wp","href":"https:\/\/api.w.org\/{rel}","templated":true}]}}