{"id":26086,"date":"2026-02-23T04:00:00","date_gmt":"2026-02-23T03:00:00","guid":{"rendered":"https:\/\/www.thebrokernews.ch\/?p=26086"},"modified":"2026-02-22T13:25:48","modified_gmt":"2026-02-22T12:25:48","slug":"lobligation-de-formation-continue-courtier","status":"publish","type":"post","link":"https:\/\/www.thebrokernews.ch\/fr\/lobligation-de-formation-continue-courtier\/","title":{"rendered":"L&rsquo;obligation de formation continue suscite le m\u00e9contentement des courtiers en assurance exp\u00e9riment\u00e9s"},"content":{"rendered":"<div class=\"ccfic\"><span class=\"ccfic-text\">L'obligation de formation continue suscite le m\u00e9contentement des courtiers qui op\u00e8rent avec succ\u00e8s sur le march\u00e9 depuis 30 ans ou plus.<\/span><\/div>\n\n<p><strong>Les exigences de formation continue mettent les professionnels de longue date du secteur sous pression : les courtiers plus \u00e2g\u00e9s se sentent d\u00e9valoris\u00e9s par les exigences d&rsquo;examen et envisagent m\u00eame parfois de se retirer pr\u00e9matur\u00e9ment de la vie professionnelle.<\/strong><\/p>\n\n<p>Un propri\u00e9taire retrait\u00e9 d&rsquo;une soci\u00e9t\u00e9 de courtage, qui continue \u00e0 exercer une activit\u00e9 professionnelle partielle, a r\u00e9cemment re\u00e7u une demande de l&rsquo;<a href=\"https:\/\/www.vbv.ch\/de\/bildungsabschluesse\/versicherungsvermittler-in-vbv\" target=\"_blank\" rel=\"noopener\">Association pour la formation professionnelle en assurance (AFA)<\/a>: il doit passer un examen de formation continue d&rsquo;ici le mois d&rsquo;ao\u00fbt, faute de quoi il risque de se voir interdire de facto toute activit\u00e9.<\/p>\n\n<p>Le v\u00e9t\u00e9ran du secteur a r\u00e9agi avec surprise et a cherch\u00e9 \u00e0 \u00e9changer avec d&rsquo;autres professionnels de l&rsquo;assurance exp\u00e9riment\u00e9s et d&rsquo;anciens propri\u00e9taires d&rsquo;entreprise. Les r\u00e9actions ont \u00e9t\u00e9 unanimes : De nombreuses personnes concern\u00e9es se sont senties mises \u00e0 l&rsquo;\u00e9cart. <\/p>\n\n<p>Apr\u00e8s des d\u00e9cennies d&rsquo;activit\u00e9 et une carri\u00e8re r\u00e9ussie, ils consid\u00e8rent l&rsquo;obligation de contr\u00f4le p\u00e9riodique comme inutile et irrespectueuse dans sa forme.<\/p>\n\n<h6 class=\"wp-block-heading\">Exp\u00e9rience versus qualification formelle<\/h6>\n\n<p>Les critiques portent surtout sur le fait que les sp\u00e9cialistes exer\u00e7ant depuis longtemps et titulaires de dipl\u00f4mes de haut niveau ne devraient pas non plus b\u00e9n\u00e9ficier d&rsquo;exceptions. Pour les personnes concern\u00e9es, la question de la proportionnalit\u00e9 se pose : <\/p>\n\n<p>Un examen standardis\u00e9 a-t-il un sens pour des personnes qui travaillent avec succ\u00e8s sur le march\u00e9 depuis 30 ou 40 ans ?<\/p>\n\n<p>Plusieurs interlocuteurs affirment que le march\u00e9 r\u00e9gule de toute fa\u00e7on lui-m\u00eame la qualit\u00e9. Ceux qui ne r\u00e9pondent pas aux exigences ou qui fournissent des conseils de mauvaise qualit\u00e9 perdent automatiquement des clients et disparaissent de la concurrence. <\/p>\n\n<p>L&rsquo;obligation de formation continue n&rsquo;est donc pas per\u00e7ue comme un instrument de qualit\u00e9, mais comme un obstacle administratif.<\/p>\n\n<h6 class=\"wp-block-heading\">Risque de perte de savoir-faire<\/h6>\n\n<p>La situation semble particuli\u00e8rement d\u00e9licate en ce qui concerne les changements d\u00e9mographiques. Selon des sources proches du dossier, certains courtiers envisagent d\u00e9j\u00e0 de mettre fin pr\u00e9matur\u00e9ment \u00e0 leur activit\u00e9 plut\u00f4t que de se soumettre \u00e0 un nouveau processus d&rsquo;examen. <\/p>\n\n<p>Si cette tendance se g\u00e9n\u00e9ralise, un savoir empirique pr\u00e9cieux, en particulier dans un domaine qui repose fortement sur la confiance, les relations avec les clients et la connaissance pratique, pourrait dispara\u00eetre du march\u00e9.<\/p>\n\n<h6 class=\"wp-block-heading\">Les obstacles \u00e0 l&rsquo;apprentissage chez les personnes \u00e2g\u00e9es<\/h6>\n\n<p>A cela s&rsquo;ajoute un aspect pratique : de nombreux professionnels \u00e2g\u00e9s doutent de pouvoir m\u00eame r\u00e9ussir les examens. Non pas en raison d&rsquo;un manque de comp\u00e9tences professionnelles au quotidien, mais en raison du format d&rsquo;examen scolaire. <\/p>\n\n<p>Le d\u00e9fi r\u00e9side moins dans la pratique du conseil que dans la m\u00e9morisation de contenus p\u00e9dagogiques actuels. La peur d&rsquo;\u00e9chouer et de perdre la face au sein de l&rsquo;entreprise renforce encore la r\u00e9sistance. <\/p>\n\n<h6 class=\"wp-block-heading\">Critique des r\u00e9formes<\/h6>\n\n<p>Dans les discussions, des critiques fondamentales sont \u00e9galement \u00e9mises \u00e0 l&rsquo;encontre des d\u00e9veloppements r\u00e9glementaires de ces derni\u00e8res ann\u00e9es. Certains repr\u00e9sentants du secteur estiment que les r\u00e9formes entra\u00eeneront surtout des co\u00fbts suppl\u00e9mentaires sans apporter d&rsquo;avantages clairs aux clients, aux assureurs ou aux courtiers. <\/p>\n\n<p>La question d&rsquo;\u00e9ventuelles d\u00e9rogations pour les professionnels particuli\u00e8rement exp\u00e9riment\u00e9s se pose donc de plus en plus. Une clarification dans ce sens au niveau de la surveillance devrait \u00eatre d\u00e9cisive, notamment pour l&rsquo;acceptation de la r\u00e9glementation au sein de la branche.   <\/p>\n\n<h6 class=\"wp-block-heading\"><strong>Reste ouvert<\/strong><\/h6>\n\n<p>La question de savoir si et dans quelle mesure il pourrait y avoir \u00e0 l&rsquo;avenir des all\u00e8gements pour les praticiens de longue date est d\u00e9sormais pos\u00e9e \u00e0 l&rsquo;autorit\u00e9 de surveillance. La r\u00e9ponse devrait avoir une importance qui va bien au-del\u00e0 des cas individuels. <\/p>\n\n<p>Binci Heeb<\/p>\n\n<p>Lisez aussi : <a href=\"https:\/\/www.thebrokernews.ch\/berichtspflicht-fuer-versicherungsbroker-finma\/\">Obligation de rapport pour les interm\u00e9diaires d&rsquo;assurance aupr\u00e8s de la FINMA : o\u00f9 sont les d\u00e9tails ?<\/a><\/p>\n","protected":false},"excerpt":{"rendered":"<p>Les exigences de formation continue mettent les professionnels de longue date du secteur sous pression : les courtiers plus \u00e2g\u00e9s se sentent d\u00e9valoris\u00e9s par les exigences d&rsquo;examen et envisagent m\u00eame [&hellip;]<\/p>\n","protected":false},"author":2,"featured_media":26088,"comment_status":"open","ping_status":"open","sticky":false,"template":"","format":"standard","meta":{"_acf_changed":false,"inline_featured_image":false,"_price":"","_stock":"","_tribe_ticket_header":"","_tribe_default_ticket_provider":"","_tribe_ticket_capacity":"","_ticket_start_date":"","_ticket_end_date":"","_tribe_ticket_show_description":"","_tribe_ticket_show_not_going":false,"_tribe_ticket_use_global_stock":"","_tribe_ticket_global_stock_level":"","_global_stock_mode":"","_global_stock_cap":"","_tribe_rsvp_for_event":"","_tribe_ticket_going_count":"","_tribe_ticket_not_going_count":"","_tribe_tickets_list":"[]","_tribe_ticket_has_attendee_info_fields":false,"footnotes":""},"categories":[9546,9547],"tags":[10045,10049,9970,10048,9988,10051,10050,10046,10047],"class_list":["post-26086","post","type-post","status-publish","format-standard","has-post-thumbnail","hentry","category-actualites","category-generalites","tag-critique","tag-de-longue-date","tag-experience","tag-mecontentement","tag-obligation-de-formation-continue","tag-perte-de-savoir-faire","tag-professionnels-du-secteur","tag-reformes","tag-vieux","ownarticle"],"acf":[],"cc_featured_image_caption":{"caption_text":"L'obligation de formation continue suscite le m\u00e9contentement des courtiers qui op\u00e8rent avec succ\u00e8s sur le march\u00e9 depuis 30 ans ou plus.","source_text":"","source_url":""},"_links":{"self":[{"href":"https:\/\/www.thebrokernews.ch\/fr\/wp-json\/wp\/v2\/posts\/26086","targetHints":{"allow":["GET"]}}],"collection":[{"href":"https:\/\/www.thebrokernews.ch\/fr\/wp-json\/wp\/v2\/posts"}],"about":[{"href":"https:\/\/www.thebrokernews.ch\/fr\/wp-json\/wp\/v2\/types\/post"}],"author":[{"embeddable":true,"href":"https:\/\/www.thebrokernews.ch\/fr\/wp-json\/wp\/v2\/users\/2"}],"replies":[{"embeddable":true,"href":"https:\/\/www.thebrokernews.ch\/fr\/wp-json\/wp\/v2\/comments?post=26086"}],"version-history":[{"count":1,"href":"https:\/\/www.thebrokernews.ch\/fr\/wp-json\/wp\/v2\/posts\/26086\/revisions"}],"predecessor-version":[{"id":26087,"href":"https:\/\/www.thebrokernews.ch\/fr\/wp-json\/wp\/v2\/posts\/26086\/revisions\/26087"}],"wp:featuredmedia":[{"embeddable":true,"href":"https:\/\/www.thebrokernews.ch\/fr\/wp-json\/wp\/v2\/media\/26088"}],"wp:attachment":[{"href":"https:\/\/www.thebrokernews.ch\/fr\/wp-json\/wp\/v2\/media?parent=26086"}],"wp:term":[{"taxonomy":"category","embeddable":true,"href":"https:\/\/www.thebrokernews.ch\/fr\/wp-json\/wp\/v2\/categories?post=26086"},{"taxonomy":"post_tag","embeddable":true,"href":"https:\/\/www.thebrokernews.ch\/fr\/wp-json\/wp\/v2\/tags?post=26086"}],"curies":[{"name":"wp","href":"https:\/\/api.w.org\/{rel}","templated":true}]}}