{"id":27831,"date":"2026-04-30T04:00:00","date_gmt":"2026-04-30T02:00:00","guid":{"rendered":"https:\/\/www.thebrokernews.ch\/?p=27831"},"modified":"2026-04-29T15:10:41","modified_gmt":"2026-04-29T13:10:41","slug":"les-injections-oculaires-moins-cheres-mais","status":"publish","type":"post","link":"https:\/\/www.thebrokernews.ch\/fr\/les-injections-oculaires-moins-cheres-mais\/","title":{"rendered":"Les injections oculaires sont moins ch\u00e8res, mais les primes ne baissent pas (encore)"},"content":{"rendered":"<div class=\"ccfic\"><span class=\"ccfic-text\">Les injections ophtalmiques sont moins ch\u00e8res, mais les assur\u00e9s ne b\u00e9n\u00e9ficient de ces r\u00e9ductions de co\u00fbts qu'avec un certain retard.<\/span><\/div>\n\n<p><strong>Les nouveaux forfaits ambulatoires produisent leurs effets : les prix des m\u00e9dicaments baissent et la concurrence s&rsquo;accro\u00eet. Cependant, du point de vue des assureurs, un conflit d&rsquo;objectifs complexe appara\u00eet entre la ma\u00eetrise des co\u00fbts, la libert\u00e9 th\u00e9rapeutique et la logique du syst\u00e8me. Les cons\u00e9quences pour les payeurs de primes ne sont pas claires.    <\/strong><\/p>\n\n<p>Depuis le d\u00e9but de l&rsquo;ann\u00e9e 2026, les injections oculaires font partie d&rsquo;un forfait ambulatoire fixe. Pour les assureurs, ce changement de syst\u00e8me est plus qu&rsquo;un simple ajustement tarifaire, c&rsquo;est une intervention dans la m\u00e9canique du march\u00e9. Pour la premi\u00e8re fois, les prestataires de services sont directement incit\u00e9s financi\u00e8rement \u00e0 acheter les m\u00e9dicaments \u00e0 moindre co\u00fbt.    <\/p>\n\n<p>Les effets sont imm\u00e9diatement visibles. Les prix des pr\u00e9parations \u00e9tablies ont chut\u00e9 de mani\u00e8re significative, dans certains cas bien en dessous des prix de liste officiels. Dans le m\u00eame temps, les produits de substitution et les imitations sont de plus en plus pr\u00e9sents sur le march\u00e9. Ce qui n&rsquo;a gu\u00e8re boug\u00e9 pendant des ann\u00e9es prend soudain de l&rsquo;ampleur.     <\/p>\n\n<p>Il s&rsquo;agit essentiellement d&rsquo;un signal positif pour les assureurs : la pression sur les prix fonctionne.<\/p>\n\n<h6 class=\"wp-block-heading\">L&rsquo;inconv\u00e9nient : un transfert de marge au lieu d&rsquo;un all\u00e8gement de la prime<\/h6>\n\n<p>Toutefois, les avantages ne se concr\u00e9tisent pas encore l\u00e0 o\u00f9 ils sont syst\u00e9matiquement attendus. Alors que les prix d&rsquo;achat baissent, les taux forfaitaires restent \u00e0 un niveau plus \u00e9lev\u00e9, historiquement calcul\u00e9. La diff\u00e9rence est actuellement r\u00e9alis\u00e9e par les prestataires de services.    <\/p>\n\n<p>Cela d\u00e9place la marge de l&rsquo;industrie pharmaceutique vers les cliniques sp\u00e9cialis\u00e9es. Pour l&rsquo;instant, les assur\u00e9s et les payeurs de primes ne b\u00e9n\u00e9ficieront d&rsquo;aucun all\u00e8gement. Du point de vue de l&rsquo;assurance, il s&rsquo;agit d&rsquo;une distorsion transitoire classique, mais pas d&rsquo;une solution durable.    <\/p>\n\n<p>La question cruciale n&rsquo;est donc pas de savoir si le syst\u00e8me fonctionne, mais quand ses effets se concr\u00e9tiseront dans la r\u00e9alit\u00e9 des primes.<\/p>\n\n<h6 class=\"wp-block-heading\">La libert\u00e9 th\u00e9rapeutique sous pression ?<\/h6>\n\n<p>Parall\u00e8lement, le d\u00e9bat professionnel s&rsquo;intensifie. Les repr\u00e9sentants de la profession ophtalmologique mettent en garde contre le fait que l&rsquo;int\u00e9gration des m\u00e9dicaments dans les forfaits pourrait cr\u00e9er des incitations ind\u00e9sirables. Il est notamment reproch\u00e9 que des pr\u00e9parations moins ch\u00e8res soient de plus en plus utilis\u00e9es, m\u00eame lorsque des m\u00e9dicaments plus chers et \u00e0 dur\u00e9e d&rsquo;action plus longue seraient m\u00e9dicalement appropri\u00e9s.    <\/p>\n\n<p>Les organisations de patients signalent un nombre croissant de changements qui ne sont pas toujours compr\u00e9hensibles pour les personnes concern\u00e9es. Bien que l&rsquo;association professionnelle souligne que les d\u00e9cisions th\u00e9rapeutiques continueront d&rsquo;\u00eatre prises sur la base de preuves, elle demande \u00e9galement une correction structurelle : les m\u00e9dicaments devraient \u00e0 nouveau \u00eatre rembours\u00e9s s\u00e9par\u00e9ment afin de garantir l&rsquo;ind\u00e9pendance des d\u00e9cisions m\u00e9dicales.   <\/p>\n\n<p>Cela r\u00e9v\u00e8le un conflit central d&rsquo;objectifs. Ce qui fonctionne comme une incitation efficace du point de vue des co\u00fbts peut \u00eatre per\u00e7u comme une distorsion potentielle du point de vue m\u00e9dical.   <\/p>\n\n<h6 class=\"wp-block-heading\">Probl\u00e8me de syst\u00e8me ou de distribution ?<\/h6>\n\n<p>Cette demande est ambivalente pour les assureurs. La s\u00e9paration des services et des m\u00e9dicaments serait source de transparence, mais elle r\u00e9duirait \u00e9galement la pression sur les prix qui a d\u00e9clench\u00e9 les baisses de prix actuelles.   <\/p>\n\n<p>L&rsquo;exp\u00e9rience montre qu&rsquo;en l&rsquo;absence de syst\u00e8mes d&rsquo;incitation int\u00e9gr\u00e9s, les march\u00e9s des soins de sant\u00e9 restent souvent atones. Les tarifs forfaitaires ont permis de briser cette inertie. Un retour \u00e0 la r\u00e9mun\u00e9ration individuelle des services risquerait fort d&rsquo;affaiblir cette dynamique.    <\/p>\n\n<p>Le d\u00e9bat passe ainsi d&rsquo;une question de syst\u00e8me \u00e0 une question de distribution : qui doit b\u00e9n\u00e9ficier des gains d&rsquo;efficacit\u00e9 ? Les produits pharmaceutiques, les prestataires de services ou les assur\u00e9s ? <\/p>\n\n<h6 class=\"wp-block-heading\">Augmentation de la pression juridique et politique<\/h6>\n\n<p>Les tensions ont maintenant atteint le niveau juridique. Un important fournisseur de produits pharmaceutiques a intent\u00e9 une action en justice et souhaite que l&rsquo;inclusion des m\u00e9dicaments dans les taux forfaitaires soit revue. Le contexte est le suivant : les prix des fabricants sont r\u00e9glement\u00e9s par l&rsquo;\u00c9tat, mais ils sont effectivement sap\u00e9s par les taux forfaitaires.    <\/p>\n\n<p>Dans le m\u00eame temps, il existe un obstacle r\u00e9glementaire : les d\u00e9cisions tarifaires du Conseil f\u00e9d\u00e9ral ne peuvent \u00eatre contr\u00f4l\u00e9es par les tribunaux que dans une mesure limit\u00e9e. Cela signifie que le conflit se d\u00e9place de plus en plus vers l&rsquo;ar\u00e8ne politique et le partenariat tarifaire.   <\/p>\n\n<h6 class=\"wp-block-heading\">L&rsquo;angle mort : la vitesse d&rsquo;adaptation<\/h6>\n\n<p>Ind\u00e9pendamment de ces conflits, un point reste central du point de vue de l&rsquo;assurance : la rapidit\u00e9 avec laquelle les forfaits sont adapt\u00e9s. C&rsquo;est en effet \u00e0 ce moment pr\u00e9cis que se d\u00e9cide l&rsquo;efficacit\u00e9 du syst\u00e8me.   <\/p>\n\n<p>La baisse des prix des m\u00e9dicaments doit se traduire rapidement par une diminution des forfaits. Sinon, une partie des \u00e9conomies r\u00e9alis\u00e9es restera bloqu\u00e9e dans le syst\u00e8me. La situation actuelle montre clairement ce retard.    <\/p>\n\n<p>Dans le m\u00eame temps, les voix du secteur confirment que les r\u00e9ductions de prix sont r\u00e9elles et qu&rsquo;elles permettent d\u00e9j\u00e0 d&rsquo;ajuster les taux forfaitaires. Dans une prochaine \u00e9tape, ce levier pourrait \u00eatre utilis\u00e9 pour apporter un soulagement aux payeurs de primes.   <\/p>\n\n<h6 class=\"wp-block-heading\">Un \u00e9quilibre fragile<\/h6>\n\n<p>Les d\u00e9veloppements concernant les injections oculaires illustrent bien la sensibilit\u00e9 de l&rsquo;interaction des incitations dans le syst\u00e8me de soins de sant\u00e9. Les forfaits peuvent cr\u00e9er de la concurrence et faire baisser les prix, mais ils interviennent aussi directement dans la prise de d\u00e9cision m\u00e9dicale et modifient les int\u00e9r\u00eats \u00e9conomiques.   <\/p>\n\n<p>Pour les assureurs, il est essentiel que les gains d&rsquo;efficacit\u00e9 r\u00e9alis\u00e9s ne restent pas dans le syst\u00e8me. La dynamique actuelle est un progr\u00e8s, mais elle n&rsquo;est pas un succ\u00e8s garanti.   <\/p>\n\n<p>L&rsquo;obtention d&rsquo;une r\u00e9duction durable des primes d\u00e9pend moins du mod\u00e8le de base que de sa mise au point. C&rsquo;est pr\u00e9cis\u00e9ment ce dont il est question aujourd&rsquo;hui.   <\/p>\n\n<p>Binci Heeb<\/p>\n\n<p>Lisez aussi : <a href=\"https:\/\/www.thebrokernews.ch\/en\/helsana-focuses-on-strategy-stability\/\">Helsana se concentre sur la strat\u00e9gie, la stabilit\u00e9 et les nouveaux domaines de la sant\u00e9<\/a><\/p>\n\n<p><\/p>\n","protected":false},"excerpt":{"rendered":"<p>Les nouveaux forfaits ambulatoires produisent leurs effets : les prix des m\u00e9dicaments baissent et la concurrence s&rsquo;accro\u00eet. Cependant, du point de vue des assureurs, un conflit d&rsquo;objectifs complexe appara\u00eet entre [&hellip;]<\/p>\n","protected":false},"author":2,"featured_media":27830,"comment_status":"open","ping_status":"open","sticky":false,"template":"","format":"standard","meta":{"_acf_changed":false,"inline_featured_image":false,"_price":"","_stock":"","_tribe_ticket_header":"","_tribe_default_ticket_provider":"","_tribe_ticket_capacity":"0","_ticket_start_date":"","_ticket_end_date":"","_tribe_ticket_show_description":"","_tribe_ticket_show_not_going":false,"_tribe_ticket_use_global_stock":"","_tribe_ticket_global_stock_level":"","_global_stock_mode":"","_global_stock_cap":"","_tribe_rsvp_for_event":"","_tribe_ticket_going_count":"","_tribe_ticket_not_going_count":"","_tribe_tickets_list":"[]","_tribe_ticket_has_attendee_info_fields":false,"footnotes":""},"categories":[9546,9547,9538],"tags":[8550,11963,11967,11960,11966,11968,11964,11965,11630,11841,11970,11969,11961,11962,11959],"class_list":{"0":"post-27831","1":"post","2":"type-post","3":"status-publish","4":"format-standard","5":"has-post-thumbnail","6":"hentry","7":"category-actualites","8":"category-generalites","9":"category-non-categorise","10":"tag-cheaper","12":"tag-deplacement-de-la-marge","13":"tag-gains-defficacite","14":"tag-inertie-du-systeme","15":"tag-liberte-therapeutique","16":"tag-marche-pharmaceutique","17":"tag-pas-de-reduction-tarifaire","18":"tag-personnalisation","19":"tag-personnalisation-2","20":"tag-probleme-de-distribution","21":"tag-probleme-de-systeme","22":"tag-reduction-des-primes","23":"tag-seringues-pour-les-yeux","24":"tag-tarifs-forfaitaires-pour-les-patients-ambulatoires","25":"ownarticle"},"acf":[],"cc_featured_image_caption":{"caption_text":"Les injections ophtalmiques sont moins ch\u00e8res, mais les assur\u00e9s ne b\u00e9n\u00e9ficient de ces r\u00e9ductions de co\u00fbts qu'avec un certain retard.","source_text":"","source_url":""},"_links":{"self":[{"href":"https:\/\/www.thebrokernews.ch\/fr\/wp-json\/wp\/v2\/posts\/27831","targetHints":{"allow":["GET"]}}],"collection":[{"href":"https:\/\/www.thebrokernews.ch\/fr\/wp-json\/wp\/v2\/posts"}],"about":[{"href":"https:\/\/www.thebrokernews.ch\/fr\/wp-json\/wp\/v2\/types\/post"}],"author":[{"embeddable":true,"href":"https:\/\/www.thebrokernews.ch\/fr\/wp-json\/wp\/v2\/users\/2"}],"replies":[{"embeddable":true,"href":"https:\/\/www.thebrokernews.ch\/fr\/wp-json\/wp\/v2\/comments?post=27831"}],"version-history":[{"count":1,"href":"https:\/\/www.thebrokernews.ch\/fr\/wp-json\/wp\/v2\/posts\/27831\/revisions"}],"predecessor-version":[{"id":27832,"href":"https:\/\/www.thebrokernews.ch\/fr\/wp-json\/wp\/v2\/posts\/27831\/revisions\/27832"}],"wp:featuredmedia":[{"embeddable":true,"href":"https:\/\/www.thebrokernews.ch\/fr\/wp-json\/wp\/v2\/media\/27830"}],"wp:attachment":[{"href":"https:\/\/www.thebrokernews.ch\/fr\/wp-json\/wp\/v2\/media?parent=27831"}],"wp:term":[{"taxonomy":"category","embeddable":true,"href":"https:\/\/www.thebrokernews.ch\/fr\/wp-json\/wp\/v2\/categories?post=27831"},{"taxonomy":"post_tag","embeddable":true,"href":"https:\/\/www.thebrokernews.ch\/fr\/wp-json\/wp\/v2\/tags?post=27831"}],"curies":[{"name":"wp","href":"https:\/\/api.w.org\/{rel}","templated":true}]}}